{"id":10036,"date":"2018-11-14T15:29:42","date_gmt":"2018-11-14T14:29:42","guid":{"rendered":"https:\/\/www.labunie.com.pl\/?p=10036"},"modified":"2018-11-16T17:18:18","modified_gmt":"2018-11-16T16:18:18","slug":"po-trzykroc-niepodlegla-3","status":"publish","type":"post","link":"https:\/\/www.labunie.com.pl\/?p=10036","title":{"rendered":"Po trzykro\u0107 Niepodleg\u0142a &#8211; aktualizacja"},"content":{"rendered":"<p><strong>Przez ca\u0142y rok 2018 inicjowane s\u0105 w kraju i poza jego granicami wydarzenia, akcje, happeningi maj\u0105ce r\u00f3\u017cny zasi\u0119g i zakres, ale jeden cel \u2013 UCZCI\u0106 NIEPODLEG\u0141\u0104. 100 lat wolno\u015bci to wyj\u0105tkowa okazja, a \u017ce wolno\u015b\u0107 nie jest nam dana na zawsze \u2013 musimy pami\u0119ta\u0107 o tych, kt\u00f3rzy na o\u0142tarzu ojczyzny z\u0142o\u017cyli swe \u017cycie, utrwala\u0107 t\u0119 pami\u0119\u0107 w \u015bwiadomo\u015bci wsp\u00f3\u0142czesnych i zadba\u0107 by przysz\u0142e pokolenia piel\u0119gnowa\u0142y j\u0105 nie z konieczno\u015bci, ale z potrzeby serca.<\/strong><\/p>\n<p><!--more--><br \/>\n&nbsp;<br \/>\n<span style=\"text-decoration: underline;\"><strong>10 listopada<\/strong> <\/span>w niespe\u0142na dziewi\u0119ciokilometrow\u0105 tras\u0119 wyruszyli\u015bmy na 6. Rajd \u201eKierunek Wzg\u00f3rze 256\u201d w ramach gminnych obchod\u00f3w 100. rocznicy odzyskania niepodleg\u0142o\u015bci. Pierwszy raz zawitali\u015bmy do s\u0105siedniej gminy. Trasa rajdu: Cze\u015bniki (pomnik przy szkole) &#8211; Wzg\u00f3rze 256 (na kt\u00f3rym odczytali\u015bmy nazwiska 110 \u017co\u0142nierzy &#8211; uczestnik\u00f3w walk) &#8211; Br\u00f3dek (miejsce pami\u0119ci) &#8211; Las \u0141abu\u0144ski (gr\u00f3b nieznanego \u017co\u0142nierza i dwa inne miejsca pami\u0119ci) &#8211; Barchacz\u00f3w (kapliczka i Izba Muzealna). W rajdzie wzi\u0119\u0142o udzia\u0142 ponad 60 os\u00f3b.<br \/>\nDzi\u0119kujemy uczestnikom, stra\u017cakom z OSP Barchacz\u00f3w za ognisko i zabezpieczenie rajdu oraz Paniom z KGW Barchacz\u00f3w za przygotowanie pocz\u0119stunku.<br \/>\nNa trasie w 6 miejscach z\u0142o\u017cono wi\u0105zanki i zapalono bia\u0142o-czerwone znicze. Na mecie przeprowadzono Konkurs Piosenki Patriotycznej \u2013 I miejsce zaj\u0105\u0142 zesp\u00f3\u0142 w sk\u0142adzie: Agnieszka Duda, Aleksandra Nawrocka, Sylwia Medak, Kacper Halej, Kacper Kobieluch i Dawid Ci\u0119ciera, wszyscy uczestnicy otrzymali s\u0142odkie upominki. W konkursie wiedzy o Niepodleg\u0142ej zwyci\u0119\u017cy\u0142 Dominik Petryk, na drugim miejscu uplasowali si\u0119 Milena Sak, Zuzanna Burdzy, Patrycja Rycak, Wiktoria \u017byczkiewicz i Jakub Czekierda, 3. miejsce zaj\u0119\u0142y Nikola Branecka i Sylwia Medak. Pogoda dopisa\u0142a\u2026<br \/>\n&nbsp;<br \/>\n[lg_folder folder=&#8221;20181110\/&#8221; paging=&#8221;false&#8221;]<br \/>\n&nbsp;<br \/>\n<span style=\"text-decoration: underline;\"><strong>11 listopada<\/strong><\/span> o godzinie 10.00 w ko\u015bciele parafialnym odprawiona zosta\u0142a msza \u015bwi\u0119ta w intencji Ojczyzny. Przed msz\u0105 Przewodnicz\u0105cy Rady Gminy \u0141abunie Adam Knia\u017a i Sekretarz Gminy Bogumi\u0142a Maziarczuk w ko\u015bciele tablicach pami\u0119ci z\u0142o\u017cyli kwiaty. Akademi\u0119 pod kierunkiem nauczycieli: Roberta Ko\u017cuszka i Katarzyny Krajewskiej przygotowa\u0142a m\u0142odzie\u017c ze Szko\u0142y Podstawowej w \u0141abu\u0144kach Pierwszych. Po mszy proboszcz ks. Piotr Rawlik po\u015bwi\u0119ci\u0142 nowy w\u00f3z bojowy \u0142abu\u0144skiej OSP. Nast\u0119pnie na cmentarzu w \u0141abuniach z\u0142o\u017cono kwiaty i zapalono znicze.<br \/>\n&nbsp;<br \/>\n[lg_folder folder=&#8221;20181111a\/&#8221; paging=&#8221;false&#8221;]<br \/>\n&nbsp;<br \/>\nO godzinie 12.00 w \u0141abu\u0144kach Pierwszych na cmentarzu z 1914 roku, na kt\u00f3rym spoczywaj\u0105 szcz\u0105tki ponad 300 \u017co\u0142nierzy uczestnik\u00f3w walk z I Wojny \u015awiatowej i szcz\u0105tki 4 \u017co\u0142nierzy wrze\u015bnia 1939 w ramach akcji \u201eNiepodleg\u0142a do Hymnu\u201d od\u015bpiewano &#8211; przy akompaniamencie Gminnej Orkiestry D\u0119tej pod batut\u0105 kapelmistrza Zbigniewa Pieczykolana &#8211; Hymn Pa\u0144stwowy. W wydarzeniu wzi\u0119li udzia\u0142 mieszka\u0144cy gminy, poczty sztandarowe, samorz\u0105dowcy. Ods\u0142oni\u0119cia pomnika upami\u0119tniaj\u0105cego Tych, kt\u00f3rzy czynem wojennym budzili Polsk\u0119 do Zmartwychwstania dokonali Gabrysia Przyczyna uczennica Szko\u0142y Podstawowej w \u0141abu\u0144kach i Wac\u0142aw Niemczuk mieszkaniec \u0141abu\u0144. Nowe miejsce pami\u0119ci po\u015bwi\u0119ci\u0142 ks. Piotr Rawlik \u2013 proboszcz parafii \u0141abunie. Z\u0142o\u017cono kwiaty i zapalono bia\u0142o-czerwone znicze.<br \/>\n&nbsp;<br \/>\n[lg_folder folder=&#8221;20181111b\/&#8221; paging=&#8221;false&#8221;]<br \/>\n&nbsp;<br \/>\nO godzinie 14.00 Na starcie Biegu Niepodleg\u0142o\u015bci licznie stawili si\u0119 rodzice, opiekunowie, mieszka\u0144cy oraz 100 uczestnik\u00f3w, kt\u00f3rzy pokonali dystans 1918 m. Ka\u017cdy uczestnik biegu otrzyma\u0142 pami\u0105tkowy medal, a zwyci\u0119zcy w poszczeg\u00f3lnych kategoriach statuetki i drobne nagrody rzeczowe. Jako pierwszy w kategorii do lat 16 na met\u0119 wbieg\u0142 Wiktor Kolaja, pokonuj\u0105c blisko 2 kilometry w czasie 7 minut i 6 sekund, w\u015br\u00f3d dziewcz\u0105t najszybsza by\u0142a Nikola Branecka. W kategorii OPEN pierwszy na met\u0119 wbieg\u0142 Pawe\u0142 Sawicki, w\u015br\u00f3d kobiet zwyci\u0119\u017cy\u0142a Ma\u0142gorzata Wo\u0142oszyn. Najm\u0142odszym uczestnikiem biegu by\u0142 Jakub Bratko (4 lata), kt\u00f3ry bieg\u0142 razem z mam\u0105. W biegu wzi\u0119li udzia\u0142 mieszka\u0144cy Zamo\u015bcia, gminy Zamo\u015b\u0107 oraz gminy \u0141abunie \u2013 uczniowie szk\u00f3\u0142, nauczyciele, przedstawiciele OSP, KGW, klubu Karate Kyokushin, samorz\u0105dowcy. Na mecie na uczestnik\u00f3w czeka\u0142 przygotowany przez Panie z KGW \u0141abu\u0144ki ciep\u0142y posi\u0142ek oraz s\u0142odkie \u201edo\u0142adowanie\u201d.<br \/>\n&nbsp;<br \/>\n[lg_folder folder=&#8221;20181111c\/&#8221; paging=&#8221;false&#8221;]<br \/>\n&nbsp;<br \/>\nJu\u017c po raz 7 w Barchaczowie odby\u0142 si\u0119 Gminny Przegl\u0105d Pie\u015bni \u017bo\u0142nierskiej. Barchacz\u00f3w rozbrzmiewa\u0142 pie\u015bni\u0105 patriotyczn\u0105, legionow\u0105 i \u017co\u0142niersk\u0105. W Przegl\u0105dzie wzi\u0119li udzia\u0142 soli\u015bci oraz zespo\u0142y muzyczne szk\u00f3\u0142, grupy \u015bpiewacze K\u00f3\u0142 Gospody\u0144 Wiejskich, Ch\u00f3r Konsonans. Wszyscy uczestnicy otrzymali statuetk\u0119 z podzi\u0119kowaniem W\u00f3jta Gminy \u0141abunie. Wydarzeniu towarzyszy\u0142a wystawa plakat\u00f3w o tematyce niepodleg\u0142o\u015bciowej uczni\u00f3w ze Szko\u0142y Podstawowej w \u0141abu\u0144kach Pierwszych i prace plastyczne dzieci z Punktu Przedszkolnego w \u0141abuniach. Po przegl\u0105dzie posmakowa\u0107 mo\u017cna by\u0142o s\u0142ynnego w coraz szerszych kr\u0119gach barchaczowskiego bigosu, wypi\u0107 kaw\u0119, herbat\u0119 i snu\u0107 wspomnienia.<br \/>\n&nbsp;<br \/>\nTegoroczny Przegl\u0105d w Barchaczowie by\u0142 te\u017c okazj\u0105 do zaprezentowania JAKUBA nagrody ustanowionej przez Towarzystwo Przyjaci\u00f3\u0142 Ziemi \u0141abu\u0144skiej im. Jana Jakuba Zamoyskiego. Celem Towarzystwa jest s\u0142awienie dobrego imienia gminy \u0141abunie. Budowanie pozytywnego wizerunku gminy, promocja mieszka\u0144c\u00f3w, walor\u00f3w przyrodniczych i atrakcyjnych turystycznie zak\u0105tk\u00f3w, uszanowanie historii, kultywowanie tradycji. Nagroda przyznawana jest w trzech kategoriach: M\u00d3WI\u0118, CZYNI\u0118, WSPIERAM dla tych, kt\u00f3rzy mow\u0105, uczynkiem i niezaniedbaniem s\u0142awi\u0105 i s\u0142awi\u0107 b\u0119d\u0105 dobre imi\u0119 Ziemi \u0141abu\u0144skiej. Jakub 2018 przyznany zosta\u0142 Julii R\u00f3j \u2013 uczennicy Szko\u0142y Podstawowej w \u0141abuniach za udzia\u0142 w akcji \u201eDaj w\u0142os\u201d Fundacji Rak\u2019n\u2019Roll w 2016 roku, Piotrowi G\u0142azowskiemu \u2013 so\u0142tysowi W\u00f3lki \u0141abu\u0144skiej za zg\u0142oszenie propozycji (przyj\u0119tej jednomy\u015blnie przez wszystkich so\u0142tys\u00f3w) przekazania diet za posiedzenie na leczenie dla Kingi Cybuli, Nowemu Kurierowi Zamojskiemu za bezp\u0142atne udost\u0119pnienie swoich \u0142am\u00f3w dla informacji z Gminy \u0141abunie, Lokalnej Grupie Dzia\u0142ania \u201eZiemia Zamojska\u201d za wspieranie inicjatyw lokalnych, fundowanie nagr\u00f3d w gminnych wydarzeniach i Antoniemu Wojciechowi Turczynowi \u2013 W\u00f3jtowi Gminy \u0141abunie &#8211; za otwarto\u015b\u0107 i gotowo\u015b\u0107 do niesienia pomocy w ka\u017cdej sytuacji i o ka\u017cdej porze.<br \/>\n&nbsp;<br \/>\n[lg_folder folder=&#8221;20181111d\/&#8221; paging=&#8221;false&#8221;]<br \/>\n<iframe loading=\"lazy\" width=\"600\" height=\"315\" src=\"https:\/\/www.youtube.com\/embed\/rSm1dX5yWSA\" frameborder=\"0\" allow=\"accelerometer; autoplay; encrypted-media; gyroscope; picture-in-picture\" allowfullscreen><\/iframe><br \/>\n&nbsp;<\/p>\n<p style=\"text-align: center;\"><em><strong>Dzi\u0119kujemy za chwil\u0119 zadumy nad histori\u0105 Ziemi \u0141abu\u0144skiej i udzia\u0142 w obchodach dla Niepodleg\u0142ej.<\/strong><\/em><\/p>\n<p>&nbsp;<br \/>\n<span style=\"text-decoration: underline;\">Patronat uroczysto\u015bci:<\/span> W\u00f3jt Gminy \u0141abunie<br \/>\n<span style=\"text-decoration: underline;\">Patronat medialny:<\/span> Nowy Kurier Zamojski<br \/>\n<span style=\"text-decoration: underline;\">Organizatorzy:<\/span> Referat Promocji i Rozwoju Gminy, Proboszcz Parafii \u0141abunie, Biblioteka Publiczna Gminy \u0141abunie, KGW Barchacz\u00f3w, KGW \u0141abu\u0144ki Pierwsze, OSP Barchacz\u00f3w, OSP \u0141abu\u0144ki, OSP \u0141abunie, Rada So\u0142ecka w Barchaczowie i \u0141abu\u0144kach Pierwszych.<\/p>\n","protected":false},"excerpt":{"rendered":"<p>Przez ca\u0142y rok 2018 inicjowane s\u0105 w kraju i poza jego granicami wydarzenia, akcje, happeningi maj\u0105ce r\u00f3\u017cny zasi\u0119g i zakres, ale jeden cel \u2013 UCZCI\u0106 NIEPODLEG\u0141\u0104. 100 lat wolno\u015bci to wyj\u0105tkowa okazja, a \u017ce wolno\u015b\u0107 nie jest nam dana na zawsze \u2013 musimy pami\u0119ta\u0107 o tych, kt\u00f3rzy na o\u0142tarzu ojczyzny z\u0142o\u017cyli swe \u017cycie, utrwala\u0107 t\u0119 [&hellip;]<\/p>\n","protected":false},"author":7,"featured_media":10040,"comment_status":"closed","ping_status":"closed","sticky":false,"template":"","format":"standard","meta":{"footnotes":""},"categories":[1],"tags":[],"class_list":["post-10036","post","type-post","status-publish","format-standard","has-post-thumbnail","hentry","category-wpisy","clearfix"],"_links":{"self":[{"href":"https:\/\/www.labunie.com.pl\/index.php?rest_route=\/wp\/v2\/posts\/10036","targetHints":{"allow":["GET"]}}],"collection":[{"href":"https:\/\/www.labunie.com.pl\/index.php?rest_route=\/wp\/v2\/posts"}],"about":[{"href":"https:\/\/www.labunie.com.pl\/index.php?rest_route=\/wp\/v2\/types\/post"}],"author":[{"embeddable":true,"href":"https:\/\/www.labunie.com.pl\/index.php?rest_route=\/wp\/v2\/users\/7"}],"replies":[{"embeddable":true,"href":"https:\/\/www.labunie.com.pl\/index.php?rest_route=%2Fwp%2Fv2%2Fcomments&post=10036"}],"version-history":[{"count":5,"href":"https:\/\/www.labunie.com.pl\/index.php?rest_route=\/wp\/v2\/posts\/10036\/revisions"}],"predecessor-version":[{"id":10048,"href":"https:\/\/www.labunie.com.pl\/index.php?rest_route=\/wp\/v2\/posts\/10036\/revisions\/10048"}],"wp:featuredmedia":[{"embeddable":true,"href":"https:\/\/www.labunie.com.pl\/index.php?rest_route=\/wp\/v2\/media\/10040"}],"wp:attachment":[{"href":"https:\/\/www.labunie.com.pl\/index.php?rest_route=%2Fwp%2Fv2%2Fmedia&parent=10036"}],"wp:term":[{"taxonomy":"category","embeddable":true,"href":"https:\/\/www.labunie.com.pl\/index.php?rest_route=%2Fwp%2Fv2%2Fcategories&post=10036"},{"taxonomy":"post_tag","embeddable":true,"href":"https:\/\/www.labunie.com.pl\/index.php?rest_route=%2Fwp%2Fv2%2Ftags&post=10036"}],"curies":[{"name":"wp","href":"https:\/\/api.w.org\/{rel}","templated":true}]}}