{"id":10030,"date":"2018-11-13T14:50:50","date_gmt":"2018-11-13T13:50:50","guid":{"rendered":"https:\/\/www.labunie.com.pl\/?p=10030"},"modified":"2018-11-13T14:50:50","modified_gmt":"2018-11-13T13:50:50","slug":"zawiadomienie-4","status":"publish","type":"post","link":"https:\/\/www.labunie.com.pl\/?p=10030","title":{"rendered":"Zawiadomienie"},"content":{"rendered":"<p><strong>W zwi\u0105zku z Postanowieniem z dnia 2 listopada 2018 r. Komisarza Wyborczego w\u00a0Zamo\u015bciu I w\u00a0sprawie\u00a0 zwo\u0142ania pierwszych sesji Rad Gmin kadencji 2018-2023, w celu z\u0142o\u017cenia \u015blubowania przez radnych, w\u00f3jt\u00f3w, burmistrz\u00f3w, prezydent\u00f3w miast wybranych w wyborach samorz\u0105dowych przeprowadzonych w dniu 21 pa\u017adziernika 2018 r. i na podstawie art. 20 ust. 2 ustawy\u00a0 z dnia 8 marca 1990 r. o samorz\u0105dzie gminnym (Dz. U. z 2018 r., poz. 994 z p\u00f3\u017an. zm.), <\/strong><strong>zwo\u0142uj\u0119 I sesj\u0119\u00a0 nowo wybranej Rady Gminy \u0141abunie\u00a0 w dniu 21 listopada 2018 r. o godz. 9:00 w\u00a0\u015bwietlicy urz\u0119du gminy w budynku wielofunkcyjnym w \u0141abuniach przy ul. Orzechowej 10, z nast\u0119puj\u0105cym porz\u0105dkiem:<\/strong><br \/>\n<!--more--><br \/>\n&nbsp;<\/p>\n<ol>\n<li>Otwarcie sesji.<\/li>\n<li>Wr\u0119czenie za\u015bwiadcze\u0144 o wyborze radnego.<\/li>\n<li>Z\u0142o\u017cenie \u015blubowania przez radnych, wed\u0142ug tre\u015bci okre\u015blonej w artykule 23a ust\u0119p 1 ustawy o\u00a0samorz\u0105dzie gminnym.<\/li>\n<li>Uchwalenie porz\u0105dku obrad.<\/li>\n<li>Wyb\u00f3r przewodnicz\u0105cego Rady Gminy.<\/li>\n<li>Wyb\u00f3r wiceprzewodnicz\u0105cego(-ych) Rady Gminy.<\/li>\n<li>Z\u0142o\u017cenie \u015blubowania przez W\u00f3jta wed\u0142ug tre\u015bci okre\u015blonej w artykule 29a ust\u0119p 1 ustawy o samorz\u0105dzie gminnym.<\/li>\n<li>Sprawy r\u00f3\u017cne.<\/li>\n<li>Zako\u0144czenie obrad pierwszej sesji Rady Gminy.<\/li>\n<\/ol>\n<p>&nbsp;<br \/>\n&nbsp;<\/p>\n<p style=\"text-align: right;\"><em><span style=\"font-size: 10pt;\">Z up. W\u00f3jta<\/span><\/em><\/p>\n<p style=\"text-align: right;\"><em><span style=\"font-size: 10pt;\">Sekretarz Gminy<\/span><\/em><br \/>\n<em><span style=\"font-size: 10pt;\">(\u2013) Bogumi\u0142a Maziarczuk<\/span><\/em><\/p>\n","protected":false},"excerpt":{"rendered":"<p>W zwi\u0105zku z Postanowieniem z dnia 2 listopada 2018 r. Komisarza Wyborczego w\u00a0Zamo\u015bciu I w\u00a0sprawie\u00a0 zwo\u0142ania pierwszych sesji Rad Gmin kadencji 2018-2023, w celu z\u0142o\u017cenia \u015blubowania przez radnych, w\u00f3jt\u00f3w, burmistrz\u00f3w, prezydent\u00f3w miast wybranych w wyborach samorz\u0105dowych przeprowadzonych w dniu 21 pa\u017adziernika 2018 r. i na podstawie art. 20 ust. 2 ustawy\u00a0 z dnia 8 marca [&hellip;]<\/p>\n","protected":false},"author":7,"featured_media":1154,"comment_status":"closed","ping_status":"closed","sticky":false,"template":"","format":"standard","meta":{"footnotes":""},"categories":[1],"tags":[],"class_list":["post-10030","post","type-post","status-publish","format-standard","has-post-thumbnail","hentry","category-wpisy","clearfix"],"_links":{"self":[{"href":"https:\/\/www.labunie.com.pl\/index.php?rest_route=\/wp\/v2\/posts\/10030","targetHints":{"allow":["GET"]}}],"collection":[{"href":"https:\/\/www.labunie.com.pl\/index.php?rest_route=\/wp\/v2\/posts"}],"about":[{"href":"https:\/\/www.labunie.com.pl\/index.php?rest_route=\/wp\/v2\/types\/post"}],"author":[{"embeddable":true,"href":"https:\/\/www.labunie.com.pl\/index.php?rest_route=\/wp\/v2\/users\/7"}],"replies":[{"embeddable":true,"href":"https:\/\/www.labunie.com.pl\/index.php?rest_route=%2Fwp%2Fv2%2Fcomments&post=10030"}],"version-history":[{"count":4,"href":"https:\/\/www.labunie.com.pl\/index.php?rest_route=\/wp\/v2\/posts\/10030\/revisions"}],"predecessor-version":[{"id":10034,"href":"https:\/\/www.labunie.com.pl\/index.php?rest_route=\/wp\/v2\/posts\/10030\/revisions\/10034"}],"wp:featuredmedia":[{"embeddable":true,"href":"https:\/\/www.labunie.com.pl\/index.php?rest_route=\/wp\/v2\/media\/1154"}],"wp:attachment":[{"href":"https:\/\/www.labunie.com.pl\/index.php?rest_route=%2Fwp%2Fv2%2Fmedia&parent=10030"}],"wp:term":[{"taxonomy":"category","embeddable":true,"href":"https:\/\/www.labunie.com.pl\/index.php?rest_route=%2Fwp%2Fv2%2Fcategories&post=10030"},{"taxonomy":"post_tag","embeddable":true,"href":"https:\/\/www.labunie.com.pl\/index.php?rest_route=%2Fwp%2Fv2%2Ftags&post=10030"}],"curies":[{"name":"wp","href":"https:\/\/api.w.org\/{rel}","templated":true}]}}